{"id":15474,"date":"2026-09-02T16:58:03","date_gmt":"2026-09-02T14:58:03","guid":{"rendered":"https:\/\/rhein-faehre.de\/?p=15474"},"modified":"2026-09-02T17:05:16","modified_gmt":"2026-09-02T15:05:16","slug":"samstag-weindampfer","status":"publish","type":"post","link":"https:\/\/rhein-faehre.de\/index.php\/2026\/09\/02\/samstag-weindampfer\/","title":{"rendered":"Samstag &#8211; Weindampfer!"},"content":{"rendered":"\n<p class=\"wp-block-paragraph\">Eigentlich sind wir seit Sonntag den 30.August wieder in Betrieb. <br>Das extreme Niedrigwasser hat uns fast 3 Wochen au\u00dfer Betrieb gesetzt\u2026 Am Samstag den 05.September ist die F\u00e4hre trotzdem au\u00dfer Betrieb, wir sind als <a href=\"https:\/\/derweindampfer.de\/\" data-type=\"link\" data-id=\"https:\/\/derweindampfer.de\/\">Weindampfer<\/a> unterwegs.<\/p>\n\n\n\n<p class=\"wp-block-paragraph\">Am Samstag den 10.Oktober sind wir ebenfalls als Weindampfer unterwegs, da ist die F\u00e4hre auch nicht in Betrieb!<\/p>\n\n\n\n<p class=\"wp-block-paragraph\">Das war dann aber auch die letzte Party in diesem Jahr, so dass wir ab dem 11.Oktober nicht mit Betriebs-Ausf\u00e4llen rechnen und bis zum 22.Dezember zu den angegebenen Zeiten in Betrieb sind.<\/p>\n\n\n\n<p class=\"wp-block-paragraph\">Denken Sie bitte daran: am 22.Dezember 2026 verlieren alle Mehrfahrtenkarten ihre G\u00fcltigkeit da im n\u00e4chsten Jahr die Rheinbahn AG den Betrieb \u00fcbernimmt.<\/p>\n\n\n\n<p class=\"wp-block-paragraph\"><\/p>\n","protected":false},"excerpt":{"rendered":"<p>Eigentlich sind wir seit Sonntag den 30.August wieder in Betrieb. Das extreme Niedrigwasser hat uns fast 3 Wochen au\u00dfer Betrieb gesetzt\u2026 Am Samstag den 05.September ist die F\u00e4hre trotzdem au\u00dfer Betrieb, wir sind als Weindampfer unterwegs. Am Samstag den 10.Oktober sind wir ebenfalls als Weindampfer unterwegs, da ist die F\u00e4hre auch nicht in Betrieb! Das [&hellip;]<\/p>\n","protected":false},"author":3,"featured_media":15475,"comment_status":"open","ping_status":"open","sticky":false,"template":"","format":"standard","meta":{"ngg_post_thumbnail":0,"footnotes":""},"categories":[1],"tags":[],"class_list":["post-15474","post","type-post","status-publish","format-standard","has-post-thumbnail","hentry","category-allgemein"],"_links":{"self":[{"href":"https:\/\/rhein-faehre.de\/index.php\/wp-json\/wp\/v2\/posts\/15474","targetHints":{"allow":["GET"]}}],"collection":[{"href":"https:\/\/rhein-faehre.de\/index.php\/wp-json\/wp\/v2\/posts"}],"about":[{"href":"https:\/\/rhein-faehre.de\/index.php\/wp-json\/wp\/v2\/types\/post"}],"author":[{"embeddable":true,"href":"https:\/\/rhein-faehre.de\/index.php\/wp-json\/wp\/v2\/users\/3"}],"replies":[{"embeddable":true,"href":"https:\/\/rhein-faehre.de\/index.php\/wp-json\/wp\/v2\/comments?post=15474"}],"version-history":[{"count":0,"href":"https:\/\/rhein-faehre.de\/index.php\/wp-json\/wp\/v2\/posts\/15474\/revisions"}],"wp:featuredmedia":[{"embeddable":true,"href":"https:\/\/rhein-faehre.de\/index.php\/wp-json\/wp\/v2\/media\/15475"}],"wp:attachment":[{"href":"https:\/\/rhein-faehre.de\/index.php\/wp-json\/wp\/v2\/media?parent=15474"}],"wp:term":[{"taxonomy":"category","embeddable":true,"href":"https:\/\/rhein-faehre.de\/index.php\/wp-json\/wp\/v2\/categories?post=15474"},{"taxonomy":"post_tag","embeddable":true,"href":"https:\/\/rhein-faehre.de\/index.php\/wp-json\/wp\/v2\/tags?post=15474"}],"curies":[{"name":"wp","href":"https:\/\/api.w.org\/{rel}","templated":true}]}}